{"id":39689,"date":"2023-01-31T07:36:58","date_gmt":"2023-01-31T11:36:58","guid":{"rendered":"https:\/\/blog.howlanders.com\/sem-categoria\/refugio-central\/"},"modified":"2025-07-14T07:22:50","modified_gmt":"2025-07-14T11:22:50","slug":"refugio-central","status":"publish","type":"post","link":"https:\/\/blog.howlanders.com\/pt-br\/chile\/torres-del-paine\/refugio-central\/","title":{"rendered":"Ref\u00fagio Central &#8211; Torres del Paine"},"content":{"rendered":"<p data-start=\"58\" data-end=\"411\">O Setor Central \u00e9 a <strong>porta de entrada para Torres del Paine<\/strong> no itiner\u00e1rio tradicional. Nele, voc\u00ea pode contratar servi\u00e7os, solicitar informa\u00e7\u00f5es, comprar alguma lembran\u00e7a e tomar um caf\u00e9 acompanhado de um sandu\u00edche. Al\u00e9m deste centro, o setor inclui o <strong>Ref\u00fagio Central e a \u00e1rea de camping<\/strong>, e a alguns centenas de metros est\u00e1 localizado o <strong>hotel Las Torres<\/strong>.<\/p>\n<p data-start=\"413\" data-end=\"588\">Neste artigo, vou explicar todo o setor em geral, mas vamos focar especialmente na \u00e1rea de camping e no ref\u00fagio, que foi onde eu me hospedei quando fiz o Circuito O. Anote a\u00ed!<\/p>\n<h2>Localiza\u00e7\u00e3o do Ref\u00fagio Central nas rotas por Torres del Paine<\/h2>\n<p data-start=\"58\" data-end=\"220\">No Ref\u00fagio Central voc\u00ea passar\u00e1 a <strong>primeira e a segunda noite<\/strong> ao fazer a rota cl\u00e1ssica <a href=\"https:\/\/www.howlanders.com\/br\/tours-chile\/puerto-natales\/circuito-w-torres-del-paine\" target=\"_blank\" rel=\"noopener\">W Trek<\/a> de leste a oeste, ou a \u00faltima noite caso a fa\u00e7a no sentido contr\u00e1rio.<\/p>\n<p data-start=\"222\" data-end=\"553\">Se sua rota for o <a href=\"https:\/\/www.howlanders.com\/br\/tours-chile\/puerto-natales\/circuito-o-torres-del-paine\" target=\"_blank\" rel=\"noopener\">Circuito O<\/a>, voc\u00ea se hospedar\u00e1 aqui no seu s\u00e9timo dia, e o Ref\u00fagio Central ser\u00e1 a \u00faltima acomoda\u00e7\u00e3o do seu percurso. Voc\u00ea chegar\u00e1 a ele vindo dos setores <a href=\"https:\/\/blog.howlanders.com\/pt-br\/chile\/torres-del-paine\/refugio-frances\/\" target=\"_blank\" rel=\"noopener\">Franc\u00eas<\/a> ou <a href=\"https:\/\/blog.howlanders.com\/pt-br\/chile\/torres-del-paine\/refugio-cuernos\/\" target=\"_blank\" rel=\"noopener\">Cuernos<\/a>, numa rota de <strong>13 km sem dificuldade<\/strong> se sair do setor Cuernos, ou de <strong>16 km<\/strong> se vier do setor Franc\u00eas. Este trecho dura aproximadamente<strong> 4 horas<\/strong>.<\/p>\n<p><img data-recalc-dims=\"1\" loading=\"lazy\" decoding=\"async\" class=\"alignnone wp-image-30955 size-full\" src=\"https:\/\/i0.wp.com\/blog.howlanders.com\/wp-content\/uploads\/2023\/01\/refugio-central-mapa.jpg?resize=640%2C411&#038;ssl=1\" alt=\"mapa do ref\u00fagio central Torres del Paine\" width=\"640\" height=\"411\" srcset=\"https:\/\/i0.wp.com\/blog.howlanders.com\/wp-content\/uploads\/2023\/01\/refugio-central-mapa.jpg?w=700&amp;ssl=1 700w, https:\/\/i0.wp.com\/blog.howlanders.com\/wp-content\/uploads\/2023\/01\/refugio-central-mapa.jpg?resize=93%2C60&amp;ssl=1 93w\" sizes=\"auto, (max-width: 640px) 100vw, 640px\" \/><\/p>\n<h2>Instala\u00e7\u00f5es do Ref\u00fagio Central<\/h2>\n<p data-start=\"58\" data-end=\"491\">O Ref\u00fagio Central \u00e9 uma das acomoda\u00e7\u00f5es com maior capacidade em Torres del Paine. Sua <strong>recep\u00e7\u00e3o<\/strong> \u00e9 ampla, com v\u00e1rios sof\u00e1s para descansar, e \u00e9 iluminada durante todo o dia gra\u00e7as a grandes janelas voltadas para Las Torres. \u00c9 ali que voc\u00ea faz o <strong>check-in<\/strong> se estiver hospedado no ref\u00fagio. Possui uma pequena loja de souvenirs do circuito e itens essenciais para acampar. Se o que voc\u00ea procura \u00e9 alimenta\u00e7\u00e3o, principalmente vendem lanches.<\/p>\n<p><img data-recalc-dims=\"1\" loading=\"lazy\" decoding=\"async\" class=\"alignnone wp-image-30937 size-full\" title=\"Interior del refugio central\" src=\"https:\/\/i0.wp.com\/blog.howlanders.com\/wp-content\/uploads\/2023\/01\/interior-refugio-central.jpg?resize=600%2C342&#038;ssl=1\" alt=\"interior do ref\u00fagio central\" width=\"600\" height=\"342\" srcset=\"https:\/\/i0.wp.com\/blog.howlanders.com\/wp-content\/uploads\/2023\/01\/interior-refugio-central.jpg?w=600&amp;ssl=1 600w, https:\/\/i0.wp.com\/blog.howlanders.com\/wp-content\/uploads\/2023\/01\/interior-refugio-central.jpg?resize=105%2C60&amp;ssl=1 105w\" sizes=\"auto, (max-width: 600px) 100vw, 600px\" \/><\/p>\n<h3>Quartos<\/h3>\n<p data-start=\"58\" data-end=\"497\">Os quartos est\u00e3o divididos nas duas alas do ref\u00fagio. Cada um conta com <strong>3 beliches<\/strong> com travesseiro, saco de dormir e cobertor. Tamb\u00e9m encontrar\u00e1s um arm\u00e1rio grande para guardar as mochilas. Elas podem ser trancadas se voc\u00ea trouxer seu pr\u00f3prio cadeado, mas n\u00e3o se preocupe, pois n\u00e3o \u00e9 necess\u00e1rio. Todas as janelas d\u00e3o para Las Torres, e a vista \u00e9 inigual\u00e1vel. Em cada ala do ref\u00fagio h\u00e1 banheiros e chuveiros com <strong>\u00e1gua quente 24 horas por dia<\/strong>.<\/p>\n<p data-start=\"499\" data-end=\"670\">Al\u00e9m disso, tamb\u00e9m possuem suas pr\u00f3prias \u00e1reas de descanso: um banco acolchoado e grandes almofadas no ch\u00e3o ao redor de uma lareira de lenha, muito agrad\u00e1vel e acolhedora.<\/p>\n<p><img data-recalc-dims=\"1\" loading=\"lazy\" decoding=\"async\" class=\"alignnone wp-image-30941 size-full\" title=\"habitaci\u00f3n compartida\" src=\"https:\/\/i0.wp.com\/blog.howlanders.com\/wp-content\/uploads\/2023\/01\/habitaciones-refugio-central.jpg?resize=640%2C412&#038;ssl=1\" alt=\"quarto compartilhado do ref\u00fagio central\" width=\"640\" height=\"412\" srcset=\"https:\/\/i0.wp.com\/blog.howlanders.com\/wp-content\/uploads\/2023\/01\/habitaciones-refugio-central.jpg?w=700&amp;ssl=1 700w, https:\/\/i0.wp.com\/blog.howlanders.com\/wp-content\/uploads\/2023\/01\/habitaciones-refugio-central.jpg?resize=93%2C60&amp;ssl=1 93w\" sizes=\"auto, (max-width: 640px) 100vw, 640px\" \/><\/p>\n<h3>\u00c1reas comuns<\/h3>\n<p data-start=\"58\" data-end=\"144\">No refeit\u00f3rio, com mais de <strong>uma d\u00fazia de mesas e bancos<\/strong>, servem caf\u00e9 da manh\u00e3 e jantar.<\/p>\n<p data-start=\"146\" data-end=\"269\">Em uma extremidade do refeit\u00f3rio est\u00e1 o bar, e na outra extremidade, a cozinha. \u00c9 aqui que entregam o box lunch pela manh\u00e3.<\/p>\n<h3>Externos do Ref\u00fagio Central<\/h3>\n<p data-start=\"58\" data-end=\"235\">O jardim externo \u00e9 agrad\u00e1vel. Conta com mesas espalhadas e a vista inigual\u00e1vel o torna um lugar ideal para tomar algo do bar, ler um livro e aproveitar o sol. Um \u00f3timo programa.<\/p>\n<p data-start=\"237\" data-end=\"347\">Se voc\u00ea estiver hospedado no camping, ter\u00e1 que caminhar alguns minutos a mais para fazer o check-in na cabana.<\/p>\n<p><img data-recalc-dims=\"1\" loading=\"lazy\" decoding=\"async\" class=\"alignnone wp-image-30945 size-full\" title=\"Recepci\u00f3n para campistas\" src=\"https:\/\/i0.wp.com\/blog.howlanders.com\/wp-content\/uploads\/2023\/01\/recepcion-camping-central.jpg?resize=640%2C366&#038;ssl=1\" alt=\"recep\u00e7\u00e3o do camping central\" width=\"640\" height=\"366\" srcset=\"https:\/\/i0.wp.com\/blog.howlanders.com\/wp-content\/uploads\/2023\/01\/recepcion-camping-central.jpg?w=700&amp;ssl=1 700w, https:\/\/i0.wp.com\/blog.howlanders.com\/wp-content\/uploads\/2023\/01\/recepcion-camping-central.jpg?resize=105%2C60&amp;ssl=1 105w\" sizes=\"auto, (max-width: 640px) 100vw, 640px\" \/><\/p>\n<h3>\u00c1reas de acampamento<\/h3>\n<p data-start=\"58\" data-end=\"220\">Existem <strong>v\u00e1rias \u00e1reas para acampar<\/strong>, tanto se voc\u00ea tiver sua pr\u00f3pria barraca para montar quanto se ficar nas que j\u00e1 est\u00e3o montadas, com colchonete e saco de dormir.<\/p>\n<p data-start=\"222\" data-end=\"406\">Aqui voc\u00ea encontrar\u00e1 o <strong>Camping Premium<\/strong>, algumas barracas montadas sobre uma estrutura forte separada do ch\u00e3o por quase um metro, como as usadas em saf\u00e1ris para acampar no teto dos 4&#215;4.<\/p>\n<p data-start=\"408\" data-end=\"562\">A \u00e1rea de camping conta <strong>com banheiros e chuveiros com \u00e1gua quente durante todo o dia<\/strong> e dispensadores de gel. Al\u00e9m disso, h\u00e1 tamb\u00e9m uma \u00e1rea para cozinhar.<\/p>\n<p data-start=\"564\" data-end=\"643\">Por fim, tamb\u00e9m possui mesas de madeira espalhadas por todo o setor do camping.<\/p>\n<p><img data-recalc-dims=\"1\" loading=\"lazy\" decoding=\"async\" class=\"alignnone wp-image-33127\" src=\"https:\/\/i0.wp.com\/blog.howlanders.com\/wp-content\/uploads\/2023\/01\/tienda-camping-premium-sector-central.jpg?resize=640%2C428&#038;ssl=1\" alt=\"tenda premium do setor Central ao lado de uma \u00e1rvore\" width=\"640\" height=\"428\" srcset=\"https:\/\/i0.wp.com\/blog.howlanders.com\/wp-content\/uploads\/2023\/01\/tienda-camping-premium-sector-central.jpg?w=4187&amp;ssl=1 4187w, https:\/\/i0.wp.com\/blog.howlanders.com\/wp-content\/uploads\/2023\/01\/tienda-camping-premium-sector-central.jpg?resize=768%2C513&amp;ssl=1 768w, https:\/\/i0.wp.com\/blog.howlanders.com\/wp-content\/uploads\/2023\/01\/tienda-camping-premium-sector-central.jpg?resize=1536%2C1026&amp;ssl=1 1536w, https:\/\/i0.wp.com\/blog.howlanders.com\/wp-content\/uploads\/2023\/01\/tienda-camping-premium-sector-central.jpg?resize=2048%2C1368&amp;ssl=1 2048w, https:\/\/i0.wp.com\/blog.howlanders.com\/wp-content\/uploads\/2023\/01\/tienda-camping-premium-sector-central.jpg?w=1280&amp;ssl=1 1280w, https:\/\/i0.wp.com\/blog.howlanders.com\/wp-content\/uploads\/2023\/01\/tienda-camping-premium-sector-central.jpg?w=1920&amp;ssl=1 1920w\" sizes=\"auto, (max-width: 640px) 100vw, 640px\" \/><\/p>\n<p><strong>Informa\u00e7\u00e3o extra:<\/strong> Voc\u00ea pode encher suas garrafas de \u00e1gua tanto nos banheiros quanto nos refeit\u00f3rios. Al\u00e9m disso, h\u00e1 <strong>Wi-Fi pago<\/strong> com v\u00e1rias tarifas, dependendo de quantas horas voc\u00ea quiser contratar.<\/p>\n<h2>Ref\u00fagio Norte<\/h2>\n<p>Ao lado do Ref\u00fagio Central, encontramos <strong>um menor e mais aconchegante<\/strong> chamado<strong> Ref\u00fagio Norte<\/strong>. Nele, os quartos s\u00e3o para 6 pessoas e disp\u00f5e de banheiros com \u00e1gua quente e uma \u00e1rea comum. No entanto, n\u00e3o possui cozinha, ent\u00e3o voc\u00ea teria que contratar o all-inclusive ou se dirigir \u00e0 cozinha para campistas localizada no Central.<\/p>\n<h2>Opini\u00e3o sobre o Ref\u00fagio Central de Torres del Paine<\/h2>\n<p>Na nossa opini\u00e3o, \u00e9 um ref\u00fagio grande, mas sem ser excessivo, por isso ainda <strong>mant\u00e9m certo car\u00e1ter montanh\u00eas<\/strong>, especialmente gra\u00e7as \u00e0s suas \u00e1reas externas e \u00e0s zonas de descanso internas. <strong>Suas instala\u00e7\u00f5es s\u00e3o muito boas<\/strong> e, por ser a porta de entrada do parque, \u00e9 necess\u00e1rio que tenha essa capacidade, j\u00e1 que \u00e9 uma \u00e1rea utilizada por muitos viajantes.<\/p>\n<h2>O Hotel Las Torres<\/h2>\n<p data-start=\"58\" data-end=\"583\">Finalmente, queremos comentar que o hotel Las Torres, localizado em um enclave espetacular, disp\u00f5e de <strong>74 quartos, todos com vista e diferentes<\/strong> capacidades, desde 1 at\u00e9 4 pessoas. Oferece tamb\u00e9m outros servi\u00e7os, como a <a href=\"https:\/\/www.howlanders.com\/br\/tours-chile\/puerto-natales\/torres-paine-tour-tudo-incluido\" target=\"_blank\" rel=\"noopener\">experi\u00eancia all-inclusive<\/a>, que inclui tantos passeios e atividades quanto voc\u00ea puder realizar em um dia, al\u00e9m de comida e coquetelaria autoral. Outra op\u00e7\u00e3o para se hospedar neste hotel de luxo \u00e9 simplesmente a op\u00e7\u00e3o Bed &amp; Breakfast, escolhida por alguns viajantes para ter <strong>um primeiro ou \u00faltimo dia de luxo<\/strong>.<\/p>\n<p data-start=\"585\" data-end=\"1193\">Mesmo que voc\u00ea n\u00e3o se hospede no hotel, pode igualmente visitar o <strong>Bar Pionero<\/strong> para desfrutar das melhores vistas com coquet\u00e9is originais e cerveja artesanal pr\u00f3pria. Um bom programa para o final de um dia de trekking. Se quiser, tamb\u00e9m pode comer no <strong>Restaurante Coir\u00f3n<\/strong>, uma mistura de gastronomia tradicional e moderna com produtos da sua horta regenerativa. No seu Quincho, poder\u00e1 degustar o assado patag\u00f4nico enquanto observa como \u00e9 preparado. Se quiser se dar um capricho, outra op\u00e7\u00e3o surpreendente \u00e9 o Spa e Centro de Bem-Estar, onde voc\u00ea pode se deixar mimar por m\u00e3os especializadas antes do fim do dia.<\/p>\n<p><a style=\"font-size: revert;\" href=\"https:\/\/blog.howlanders.com\/pt-br\/acomodacoes-torres-del-paine\/\" target=\"_blank\" rel=\"noopener\"><img data-recalc-dims=\"1\" loading=\"lazy\" decoding=\"async\" class=\"alignnone wp-image-33175 size-full\" src=\"https:\/\/i0.wp.com\/blog.howlanders.com\/wp-content\/uploads\/2023\/01\/alojamiento-torres-paine.jpg?resize=640%2C137&#038;ssl=1\" alt=\"imagen informativa de los alojamientos en Torres del Paine\" width=\"640\" height=\"137\" \/><\/a><\/p>\n","protected":false},"excerpt":{"rendered":"<p>O Setor Central \u00e9 a porta de entrada para Torres del Paine no itiner\u00e1rio tradicional. Nele, voc\u00ea pode contratar servi\u00e7os, solicitar informa\u00e7\u00f5es, comprar alguma lembran\u00e7a e tomar um caf\u00e9 acompanhado de um sandu\u00edche. Al\u00e9m deste centro, o setor inclui o Ref\u00fagio Central e a \u00e1rea de camping, e a alguns centenas de metros est\u00e1 localizado [&hellip;]<\/p>\n","protected":false},"author":5,"featured_media":39690,"comment_status":"open","ping_status":"closed","sticky":false,"template":"","format":"standard","meta":{"_jetpack_newsletter_access":"","_jetpack_dont_email_post_to_subs":false,"_jetpack_newsletter_tier_id":0,"_jetpack_memberships_contains_paywalled_content":false,"_jetpack_memberships_contains_paid_content":false,"footnotes":"","jetpack_post_was_ever_published":false},"categories":[516],"tags":[],"class_list":["post-39689","post","type-post","status-publish","format-standard","has-post-thumbnail","hentry","category-torres-del-paine"],"yoast_head":"<!-- This site is optimized with the Yoast SEO plugin v27.5 - https:\/\/yoast.com\/product\/yoast-seo-wordpress\/ -->\n<title>Ref\u00fagio Central de Torres del Paine \u2013 Nossa opini\u00e3o<\/title>\n<meta name=\"description\" content=\"Contamos tudo sobre o Ref\u00fagio Central e o Camping Central de Torres del Paine. Voc\u00ea vai se hospedar aqui em qualquer um dos circuitos de trekking.\" \/>\n<meta name=\"robots\" content=\"index, follow, max-snippet:-1, max-image-preview:large, max-video-preview:-1\" \/>\n<link rel=\"canonical\" href=\"https:\/\/blog.howlanders.com\/pt-br\/chile\/torres-del-paine\/refugio-central\/\" \/>\n<meta property=\"og:locale\" content=\"pt_BR\" \/>\n<meta property=\"og:type\" content=\"article\" \/>\n<meta property=\"og:title\" content=\"Ref\u00fagio Central de Torres del Paine \u2013 Nossa opini\u00e3o\" \/>\n<meta property=\"og:description\" content=\"Contamos tudo sobre o Ref\u00fagio Central e o Camping Central de Torres del Paine. Voc\u00ea vai se hospedar aqui em qualquer um dos circuitos de trekking.\" \/>\n<meta property=\"og:url\" content=\"https:\/\/blog.howlanders.com\/pt-br\/chile\/torres-del-paine\/refugio-central\/\" \/>\n<meta property=\"og:site_name\" content=\"Howlanders Blog\" \/>\n<meta property=\"article:publisher\" content=\"https:\/\/www.facebook.com\/howlanders\" \/>\n<meta property=\"article:published_time\" content=\"2023-01-31T11:36:58+00:00\" \/>\n<meta property=\"article:modified_time\" content=\"2025-07-14T11:22:50+00:00\" \/>\n<meta property=\"og:image\" content=\"https:\/\/blog.howlanders.com\/wp-content\/uploads\/2023\/01\/refugio-central.jpg\" \/>\n\t<meta property=\"og:image:width\" content=\"1200\" \/>\n\t<meta property=\"og:image:height\" content=\"700\" \/>\n\t<meta property=\"og:image:type\" content=\"image\/jpeg\" \/>\n<meta name=\"author\" content=\"Javier\" \/>\n<meta name=\"twitter:card\" content=\"summary_large_image\" \/>\n<meta name=\"twitter:creator\" content=\"@howlanders\" \/>\n<meta name=\"twitter:site\" content=\"@howlanders\" \/>\n<meta name=\"twitter:label1\" content=\"Escrito por\" \/>\n\t<meta name=\"twitter:data1\" content=\"Javier\" \/>\n\t<meta name=\"twitter:label2\" content=\"Est. tempo de leitura\" \/>\n\t<meta name=\"twitter:data2\" content=\"6 minutos\" \/>\n<script type=\"application\/ld+json\" class=\"yoast-schema-graph\">{\"@context\":\"https:\\\/\\\/schema.org\",\"@graph\":[{\"@type\":\"Article\",\"@id\":\"https:\\\/\\\/blog.howlanders.com\\\/pt-br\\\/chile\\\/torres-del-paine\\\/refugio-central\\\/#article\",\"isPartOf\":{\"@id\":\"https:\\\/\\\/blog.howlanders.com\\\/pt-br\\\/chile\\\/torres-del-paine\\\/refugio-central\\\/\"},\"author\":{\"name\":\"Javier\",\"@id\":\"https:\\\/\\\/blog.howlanders.com\\\/pt-br\\\/#\\\/schema\\\/person\\\/5e5619ddeec3ac1fe90ad1f0b3a3a5fb\"},\"headline\":\"Ref\u00fagio Central &#8211; Torres del Paine\",\"datePublished\":\"2023-01-31T11:36:58+00:00\",\"dateModified\":\"2025-07-14T11:22:50+00:00\",\"mainEntityOfPage\":{\"@id\":\"https:\\\/\\\/blog.howlanders.com\\\/pt-br\\\/chile\\\/torres-del-paine\\\/refugio-central\\\/\"},\"wordCount\":1003,\"commentCount\":0,\"publisher\":{\"@id\":\"https:\\\/\\\/blog.howlanders.com\\\/pt-br\\\/#organization\"},\"image\":{\"@id\":\"https:\\\/\\\/blog.howlanders.com\\\/pt-br\\\/chile\\\/torres-del-paine\\\/refugio-central\\\/#primaryimage\"},\"thumbnailUrl\":\"https:\\\/\\\/i0.wp.com\\\/blog.howlanders.com\\\/wp-content\\\/uploads\\\/2023\\\/01\\\/refugio-central.jpg?fit=1200%2C700&ssl=1\",\"articleSection\":[\"Torres del Paine\"],\"inLanguage\":\"pt-BR\",\"potentialAction\":[{\"@type\":\"CommentAction\",\"name\":\"Comment\",\"target\":[\"https:\\\/\\\/blog.howlanders.com\\\/pt-br\\\/chile\\\/torres-del-paine\\\/refugio-central\\\/#respond\"]}]},{\"@type\":\"WebPage\",\"@id\":\"https:\\\/\\\/blog.howlanders.com\\\/pt-br\\\/chile\\\/torres-del-paine\\\/refugio-central\\\/\",\"url\":\"https:\\\/\\\/blog.howlanders.com\\\/pt-br\\\/chile\\\/torres-del-paine\\\/refugio-central\\\/\",\"name\":\"Ref\u00fagio Central de Torres del Paine \u2013 Nossa opini\u00e3o\",\"isPartOf\":{\"@id\":\"https:\\\/\\\/blog.howlanders.com\\\/pt-br\\\/#website\"},\"primaryImageOfPage\":{\"@id\":\"https:\\\/\\\/blog.howlanders.com\\\/pt-br\\\/chile\\\/torres-del-paine\\\/refugio-central\\\/#primaryimage\"},\"image\":{\"@id\":\"https:\\\/\\\/blog.howlanders.com\\\/pt-br\\\/chile\\\/torres-del-paine\\\/refugio-central\\\/#primaryimage\"},\"thumbnailUrl\":\"https:\\\/\\\/i0.wp.com\\\/blog.howlanders.com\\\/wp-content\\\/uploads\\\/2023\\\/01\\\/refugio-central.jpg?fit=1200%2C700&ssl=1\",\"datePublished\":\"2023-01-31T11:36:58+00:00\",\"dateModified\":\"2025-07-14T11:22:50+00:00\",\"description\":\"Contamos tudo sobre o Ref\u00fagio Central e o Camping Central de Torres del Paine. Voc\u00ea vai se hospedar aqui em qualquer um dos circuitos de trekking.\",\"breadcrumb\":{\"@id\":\"https:\\\/\\\/blog.howlanders.com\\\/pt-br\\\/chile\\\/torres-del-paine\\\/refugio-central\\\/#breadcrumb\"},\"inLanguage\":\"pt-BR\",\"potentialAction\":[{\"@type\":\"ReadAction\",\"target\":[\"https:\\\/\\\/blog.howlanders.com\\\/pt-br\\\/chile\\\/torres-del-paine\\\/refugio-central\\\/\"]}]},{\"@type\":\"ImageObject\",\"inLanguage\":\"pt-BR\",\"@id\":\"https:\\\/\\\/blog.howlanders.com\\\/pt-br\\\/chile\\\/torres-del-paine\\\/refugio-central\\\/#primaryimage\",\"url\":\"https:\\\/\\\/i0.wp.com\\\/blog.howlanders.com\\\/wp-content\\\/uploads\\\/2023\\\/01\\\/refugio-central.jpg?fit=1200%2C700&ssl=1\",\"contentUrl\":\"https:\\\/\\\/i0.wp.com\\\/blog.howlanders.com\\\/wp-content\\\/uploads\\\/2023\\\/01\\\/refugio-central.jpg?fit=1200%2C700&ssl=1\",\"width\":1200,\"height\":700,\"caption\":\"refugio central\"},{\"@type\":\"BreadcrumbList\",\"@id\":\"https:\\\/\\\/blog.howlanders.com\\\/pt-br\\\/chile\\\/torres-del-paine\\\/refugio-central\\\/#breadcrumb\",\"itemListElement\":[{\"@type\":\"ListItem\",\"position\":1,\"name\":\"Inicio\",\"item\":\"https:\\\/\\\/blog.howlanders.com\\\/pt-br\\\/\"},{\"@type\":\"ListItem\",\"position\":2,\"name\":\"Chile\",\"item\":\"https:\\\/\\\/blog.howlanders.com\\\/pt-br\\\/chile\\\/\"},{\"@type\":\"ListItem\",\"position\":3,\"name\":\"Torres del Paine\",\"item\":\"https:\\\/\\\/blog.howlanders.com\\\/pt-br\\\/chile\\\/torres-del-paine\\\/\"},{\"@type\":\"ListItem\",\"position\":4,\"name\":\"Ref\u00fagio Central &#8211; Torres del Paine\"}]},{\"@type\":\"WebSite\",\"@id\":\"https:\\\/\\\/blog.howlanders.com\\\/pt-br\\\/#website\",\"url\":\"https:\\\/\\\/blog.howlanders.com\\\/pt-br\\\/\",\"name\":\"Howlanders Blog\",\"description\":\"As melhores aventuras na natureza vividas e contadas por outros viajantes\",\"publisher\":{\"@id\":\"https:\\\/\\\/blog.howlanders.com\\\/pt-br\\\/#organization\"},\"potentialAction\":[{\"@type\":\"SearchAction\",\"target\":{\"@type\":\"EntryPoint\",\"urlTemplate\":\"https:\\\/\\\/blog.howlanders.com\\\/pt-br\\\/?s={search_term_string}\"},\"query-input\":{\"@type\":\"PropertyValueSpecification\",\"valueRequired\":true,\"valueName\":\"search_term_string\"}}],\"inLanguage\":\"pt-BR\"},{\"@type\":\"Organization\",\"@id\":\"https:\\\/\\\/blog.howlanders.com\\\/pt-br\\\/#organization\",\"name\":\"Howlanders\",\"url\":\"https:\\\/\\\/blog.howlanders.com\\\/pt-br\\\/\",\"logo\":{\"@type\":\"ImageObject\",\"inLanguage\":\"pt-BR\",\"@id\":\"https:\\\/\\\/blog.howlanders.com\\\/pt-br\\\/#\\\/schema\\\/logo\\\/image\\\/\",\"url\":\"https:\\\/\\\/i0.wp.com\\\/blog.howlanders.com\\\/wp-content\\\/uploads\\\/2021\\\/01\\\/logo-howlanders.png?fit=64%2C63&ssl=1\",\"contentUrl\":\"https:\\\/\\\/i0.wp.com\\\/blog.howlanders.com\\\/wp-content\\\/uploads\\\/2021\\\/01\\\/logo-howlanders.png?fit=64%2C63&ssl=1\",\"width\":64,\"height\":63,\"caption\":\"Howlanders\"},\"image\":{\"@id\":\"https:\\\/\\\/blog.howlanders.com\\\/pt-br\\\/#\\\/schema\\\/logo\\\/image\\\/\"},\"sameAs\":[\"https:\\\/\\\/www.facebook.com\\\/howlanders\",\"https:\\\/\\\/x.com\\\/howlanders\"]},{\"@type\":\"Person\",\"@id\":\"https:\\\/\\\/blog.howlanders.com\\\/pt-br\\\/#\\\/schema\\\/person\\\/5e5619ddeec3ac1fe90ad1f0b3a3a5fb\",\"name\":\"Javier\",\"image\":{\"@type\":\"ImageObject\",\"inLanguage\":\"pt-BR\",\"@id\":\"https:\\\/\\\/blog.howlanders.com\\\/wp-content\\\/uploads\\\/2021\\\/01\\\/javi-howlanders-96x96.jpg\",\"url\":\"https:\\\/\\\/blog.howlanders.com\\\/wp-content\\\/uploads\\\/2021\\\/01\\\/javi-howlanders-96x96.jpg\",\"contentUrl\":\"https:\\\/\\\/blog.howlanders.com\\\/wp-content\\\/uploads\\\/2021\\\/01\\\/javi-howlanders-96x96.jpg\",\"caption\":\"Javier\"},\"description\":\"Javi, junto con Daniel, fue quien le dio vida a Howlanders y formaron este equipo. Cada uno de sus viajes y las experiencias que acumula en su mochila, le dieron la idea de ayudar a otros viajeros a poder vivirlas tambi\u00e9n. En Howlanders, es uno de los encargados de decidir qu\u00e9 tours ofrecemos. Mientras que en este blog nos regala sus diarios de viaje. Ha recorrido Torres del Paine por todos sus circuitos y se lo conoce a la perfecci\u00f3n, por lo que nos da todas las recomendaciones y consejos que no se encuentran en otra parte.\",\"sameAs\":[\"pepe\"]}]}<\/script>\n<!-- \/ Yoast SEO plugin. -->","yoast_head_json":{"title":"Ref\u00fagio Central de Torres del Paine \u2013 Nossa opini\u00e3o","description":"Contamos tudo sobre o Ref\u00fagio Central e o Camping Central de Torres del Paine. Voc\u00ea vai se hospedar aqui em qualquer um dos circuitos de trekking.","robots":{"index":"index","follow":"follow","max-snippet":"max-snippet:-1","max-image-preview":"max-image-preview:large","max-video-preview":"max-video-preview:-1"},"canonical":"https:\/\/blog.howlanders.com\/pt-br\/chile\/torres-del-paine\/refugio-central\/","og_locale":"pt_BR","og_type":"article","og_title":"Ref\u00fagio Central de Torres del Paine \u2013 Nossa opini\u00e3o","og_description":"Contamos tudo sobre o Ref\u00fagio Central e o Camping Central de Torres del Paine. Voc\u00ea vai se hospedar aqui em qualquer um dos circuitos de trekking.","og_url":"https:\/\/blog.howlanders.com\/pt-br\/chile\/torres-del-paine\/refugio-central\/","og_site_name":"Howlanders Blog","article_publisher":"https:\/\/www.facebook.com\/howlanders","article_published_time":"2023-01-31T11:36:58+00:00","article_modified_time":"2025-07-14T11:22:50+00:00","og_image":[{"width":1200,"height":700,"url":"https:\/\/blog.howlanders.com\/wp-content\/uploads\/2023\/01\/refugio-central.jpg","type":"image\/jpeg"}],"author":"Javier","twitter_card":"summary_large_image","twitter_creator":"@howlanders","twitter_site":"@howlanders","twitter_misc":{"Escrito por":"Javier","Est. tempo de leitura":"6 minutos"},"schema":{"@context":"https:\/\/schema.org","@graph":[{"@type":"Article","@id":"https:\/\/blog.howlanders.com\/pt-br\/chile\/torres-del-paine\/refugio-central\/#article","isPartOf":{"@id":"https:\/\/blog.howlanders.com\/pt-br\/chile\/torres-del-paine\/refugio-central\/"},"author":{"name":"Javier","@id":"https:\/\/blog.howlanders.com\/pt-br\/#\/schema\/person\/5e5619ddeec3ac1fe90ad1f0b3a3a5fb"},"headline":"Ref\u00fagio Central &#8211; Torres del Paine","datePublished":"2023-01-31T11:36:58+00:00","dateModified":"2025-07-14T11:22:50+00:00","mainEntityOfPage":{"@id":"https:\/\/blog.howlanders.com\/pt-br\/chile\/torres-del-paine\/refugio-central\/"},"wordCount":1003,"commentCount":0,"publisher":{"@id":"https:\/\/blog.howlanders.com\/pt-br\/#organization"},"image":{"@id":"https:\/\/blog.howlanders.com\/pt-br\/chile\/torres-del-paine\/refugio-central\/#primaryimage"},"thumbnailUrl":"https:\/\/i0.wp.com\/blog.howlanders.com\/wp-content\/uploads\/2023\/01\/refugio-central.jpg?fit=1200%2C700&ssl=1","articleSection":["Torres del Paine"],"inLanguage":"pt-BR","potentialAction":[{"@type":"CommentAction","name":"Comment","target":["https:\/\/blog.howlanders.com\/pt-br\/chile\/torres-del-paine\/refugio-central\/#respond"]}]},{"@type":"WebPage","@id":"https:\/\/blog.howlanders.com\/pt-br\/chile\/torres-del-paine\/refugio-central\/","url":"https:\/\/blog.howlanders.com\/pt-br\/chile\/torres-del-paine\/refugio-central\/","name":"Ref\u00fagio Central de Torres del Paine \u2013 Nossa opini\u00e3o","isPartOf":{"@id":"https:\/\/blog.howlanders.com\/pt-br\/#website"},"primaryImageOfPage":{"@id":"https:\/\/blog.howlanders.com\/pt-br\/chile\/torres-del-paine\/refugio-central\/#primaryimage"},"image":{"@id":"https:\/\/blog.howlanders.com\/pt-br\/chile\/torres-del-paine\/refugio-central\/#primaryimage"},"thumbnailUrl":"https:\/\/i0.wp.com\/blog.howlanders.com\/wp-content\/uploads\/2023\/01\/refugio-central.jpg?fit=1200%2C700&ssl=1","datePublished":"2023-01-31T11:36:58+00:00","dateModified":"2025-07-14T11:22:50+00:00","description":"Contamos tudo sobre o Ref\u00fagio Central e o Camping Central de Torres del Paine. Voc\u00ea vai se hospedar aqui em qualquer um dos circuitos de trekking.","breadcrumb":{"@id":"https:\/\/blog.howlanders.com\/pt-br\/chile\/torres-del-paine\/refugio-central\/#breadcrumb"},"inLanguage":"pt-BR","potentialAction":[{"@type":"ReadAction","target":["https:\/\/blog.howlanders.com\/pt-br\/chile\/torres-del-paine\/refugio-central\/"]}]},{"@type":"ImageObject","inLanguage":"pt-BR","@id":"https:\/\/blog.howlanders.com\/pt-br\/chile\/torres-del-paine\/refugio-central\/#primaryimage","url":"https:\/\/i0.wp.com\/blog.howlanders.com\/wp-content\/uploads\/2023\/01\/refugio-central.jpg?fit=1200%2C700&ssl=1","contentUrl":"https:\/\/i0.wp.com\/blog.howlanders.com\/wp-content\/uploads\/2023\/01\/refugio-central.jpg?fit=1200%2C700&ssl=1","width":1200,"height":700,"caption":"refugio central"},{"@type":"BreadcrumbList","@id":"https:\/\/blog.howlanders.com\/pt-br\/chile\/torres-del-paine\/refugio-central\/#breadcrumb","itemListElement":[{"@type":"ListItem","position":1,"name":"Inicio","item":"https:\/\/blog.howlanders.com\/pt-br\/"},{"@type":"ListItem","position":2,"name":"Chile","item":"https:\/\/blog.howlanders.com\/pt-br\/chile\/"},{"@type":"ListItem","position":3,"name":"Torres del Paine","item":"https:\/\/blog.howlanders.com\/pt-br\/chile\/torres-del-paine\/"},{"@type":"ListItem","position":4,"name":"Ref\u00fagio Central &#8211; Torres del Paine"}]},{"@type":"WebSite","@id":"https:\/\/blog.howlanders.com\/pt-br\/#website","url":"https:\/\/blog.howlanders.com\/pt-br\/","name":"Howlanders Blog","description":"As melhores aventuras na natureza vividas e contadas por outros viajantes","publisher":{"@id":"https:\/\/blog.howlanders.com\/pt-br\/#organization"},"potentialAction":[{"@type":"SearchAction","target":{"@type":"EntryPoint","urlTemplate":"https:\/\/blog.howlanders.com\/pt-br\/?s={search_term_string}"},"query-input":{"@type":"PropertyValueSpecification","valueRequired":true,"valueName":"search_term_string"}}],"inLanguage":"pt-BR"},{"@type":"Organization","@id":"https:\/\/blog.howlanders.com\/pt-br\/#organization","name":"Howlanders","url":"https:\/\/blog.howlanders.com\/pt-br\/","logo":{"@type":"ImageObject","inLanguage":"pt-BR","@id":"https:\/\/blog.howlanders.com\/pt-br\/#\/schema\/logo\/image\/","url":"https:\/\/i0.wp.com\/blog.howlanders.com\/wp-content\/uploads\/2021\/01\/logo-howlanders.png?fit=64%2C63&ssl=1","contentUrl":"https:\/\/i0.wp.com\/blog.howlanders.com\/wp-content\/uploads\/2021\/01\/logo-howlanders.png?fit=64%2C63&ssl=1","width":64,"height":63,"caption":"Howlanders"},"image":{"@id":"https:\/\/blog.howlanders.com\/pt-br\/#\/schema\/logo\/image\/"},"sameAs":["https:\/\/www.facebook.com\/howlanders","https:\/\/x.com\/howlanders"]},{"@type":"Person","@id":"https:\/\/blog.howlanders.com\/pt-br\/#\/schema\/person\/5e5619ddeec3ac1fe90ad1f0b3a3a5fb","name":"Javier","image":{"@type":"ImageObject","inLanguage":"pt-BR","@id":"https:\/\/blog.howlanders.com\/wp-content\/uploads\/2021\/01\/javi-howlanders-96x96.jpg","url":"https:\/\/blog.howlanders.com\/wp-content\/uploads\/2021\/01\/javi-howlanders-96x96.jpg","contentUrl":"https:\/\/blog.howlanders.com\/wp-content\/uploads\/2021\/01\/javi-howlanders-96x96.jpg","caption":"Javier"},"description":"Javi, junto con Daniel, fue quien le dio vida a Howlanders y formaron este equipo. Cada uno de sus viajes y las experiencias que acumula en su mochila, le dieron la idea de ayudar a otros viajeros a poder vivirlas tambi\u00e9n. En Howlanders, es uno de los encargados de decidir qu\u00e9 tours ofrecemos. Mientras que en este blog nos regala sus diarios de viaje. Ha recorrido Torres del Paine por todos sus circuitos y se lo conoce a la perfecci\u00f3n, por lo que nos da todas las recomendaciones y consejos que no se encuentran en otra parte.","sameAs":["pepe"]}]}},"jetpack_featured_media_url":"https:\/\/i0.wp.com\/blog.howlanders.com\/wp-content\/uploads\/2023\/01\/refugio-central.jpg?fit=1200%2C700&ssl=1","jetpack_shortlink":"https:\/\/wp.me\/pfY61W-ak9","jetpack_sharing_enabled":true,"_links":{"self":[{"href":"https:\/\/blog.howlanders.com\/pt-br\/wp-json\/wp\/v2\/posts\/39689","targetHints":{"allow":["GET"]}}],"collection":[{"href":"https:\/\/blog.howlanders.com\/pt-br\/wp-json\/wp\/v2\/posts"}],"about":[{"href":"https:\/\/blog.howlanders.com\/pt-br\/wp-json\/wp\/v2\/types\/post"}],"author":[{"embeddable":true,"href":"https:\/\/blog.howlanders.com\/pt-br\/wp-json\/wp\/v2\/users\/5"}],"replies":[{"embeddable":true,"href":"https:\/\/blog.howlanders.com\/pt-br\/wp-json\/wp\/v2\/comments?post=39689"}],"version-history":[{"count":4,"href":"https:\/\/blog.howlanders.com\/pt-br\/wp-json\/wp\/v2\/posts\/39689\/revisions"}],"predecessor-version":[{"id":39724,"href":"https:\/\/blog.howlanders.com\/pt-br\/wp-json\/wp\/v2\/posts\/39689\/revisions\/39724"}],"wp:featuredmedia":[{"embeddable":true,"href":"https:\/\/blog.howlanders.com\/pt-br\/wp-json\/wp\/v2\/media\/39690"}],"wp:attachment":[{"href":"https:\/\/blog.howlanders.com\/pt-br\/wp-json\/wp\/v2\/media?parent=39689"}],"wp:term":[{"taxonomy":"category","embeddable":true,"href":"https:\/\/blog.howlanders.com\/pt-br\/wp-json\/wp\/v2\/categories?post=39689"},{"taxonomy":"post_tag","embeddable":true,"href":"https:\/\/blog.howlanders.com\/pt-br\/wp-json\/wp\/v2\/tags?post=39689"}],"curies":[{"name":"wp","href":"https:\/\/api.w.org\/{rel}","templated":true}]}}